{"id":298,"date":"2018-07-17T17:15:46","date_gmt":"2018-07-17T16:15:46","guid":{"rendered":"http:\/\/masgassons.org\/?p=298"},"modified":"2018-07-17T19:07:44","modified_gmt":"2018-07-17T18:07:44","slug":"reuniones-informativas","status":"publish","type":"post","link":"https:\/\/masgassons.org\/?p=298","title":{"rendered":"Reuniones informativas"},"content":{"rendered":"<p>La Comisi\u00f3n Gestora de la Junta de Compensaci\u00f3n de la Urbanizaci\u00f3n Mas Gassons convoca a los propietarios de la Urbanizaci\u00f3n para poder explicar su gesti\u00f3n desde enero de 2017 hasta el presente.<\/p>\n<p>Lugar: <strong>Centro Municipal de Bonany<\/strong><\/p>\n<p>Hora: <strong>10:30h<\/strong> de la ma\u00f1ana<\/p>\n<p>Propietarios <span style=\"text-decoration: underline;\">Sector B<\/span>: <strong>S\u00e1bado 21 de Julio<\/strong><\/p>\n<p>Propietarios <span style=\"text-decoration: underline;\">Sector A<\/span>: <strong>S\u00e1bado\u00a028 de Julio<\/strong><\/p>\n<h3><!--more--><\/h3>\n<h3><strong>Bases para la legalizaci\u00f3n de la Urbanizaci\u00f3n:<\/strong><\/h3>\n<p>La Comisi\u00f3n Gestora de la Junta de Compensaci\u00f3n que sali\u00f3 elegida despu\u00e9s de los cambios habidos en la misma en enero de 2.017, se propuso cambiar las relaciones habidas en la Urbanizaci\u00f3n para comenzar a colaborar con vistas a solucionar los problemas existentes.<\/p>\n<p>Demasiados a\u00f1os de diferencias, algunas personas alimentando esas diferencias lo \u00fanico que se hab\u00eda conseguido era la par\u00e1lisis de la Junta y con ello, que el valor de las viviendas y sobre todo de las parcelas se anulara.<\/p>\n<p>Hay que ser muy corto para no darse cuenta que si tiras piedras a tu propio tejado al final rompes las tejas, el agua entra y te quedas sin nada. As\u00ed se podr\u00eda definir lo que estaba sucediendo.<\/p>\n<p>Se comenz\u00f3 con un estudio de la situaci\u00f3n legal y administrativa de cada parcela para poner en orden una documentaci\u00f3n, en muchos casos inexistentes. Se contin\u00fao viendo la participaci\u00f3n de cada parcela en la Junta, los gastos e ingresos habidos y la situaci\u00f3n econ\u00f3mica de cada parcela para hacer posible el principio de la equidistribuci\u00f3n que es el que rige las Juntas de Compensaci\u00f3n: de que todos somos iguales en derechos y obligaciones, por tanto todos deben de pagar lo mismo o irse como ha sucedido o tendr\u00e1n que soportar la v\u00eda de apremio.<\/p>\n<p>Gracias al trabajo realizado, la Junta ha recuperado m\u00e1s de cien parcelas y ha pasado de tener 148 el a\u00f1o pasado a m\u00e1s de 250 en este momento.<\/p>\n<p>Ello junto con el estudio de las comunicaciones habidas y la situaci\u00f3n f\u00edsica, topogr\u00e1fica y catastral de cada una de las parcelas ha permitido sentar las bases para ultimar un censo real de la Junta de Compensaci\u00f3n por primera vez en la historia.<\/p>\n<p>Entregado dicho Censo al Ayuntamiento, ha salido a exposici\u00f3n p\u00fablica del 13 de junio al 12 de julio y con las alegaciones que puedan existir, la idea es que el Ayuntamiento lo apruebe lo antes posible, para que se pueda convocar una Asamblea para la elecci\u00f3n del Consejo Rector que rija la Urbanizaci\u00f3n y se pueda iniciar el camino de la legalizaci\u00f3n.<\/p>\n<p>Una de las funciones de la Comisi\u00f3n Gestora es el cobro de las deudas existentes para lo cual se han realizado los oportunos acuerdos y compensaciones por el encargado de ello.<\/p>\n<p>As\u00ed se ha ultimado lo que se denomina las Bases para un Programa de Adecuaci\u00f3n, que estudia el pasado, el presente y las posibilidades de dicha legalizaci\u00f3n, el cual sometido a la Comisi\u00f3n Gestora y aprobado por la misma se present\u00f3 al Ayuntamiento para su constancia y se expondr\u00e1 a los parcelistas este mes de julio en las dos reuniones previstas.<\/p>\n<p>La soluci\u00f3n, como obliga el POUM, el sentido com\u00fan y la situaci\u00f3n real, pasa por una reducci\u00f3n del \u00e1mbito de la urbanizaci\u00f3n tal y como se plantea en los mapas que son parte de las bases del Programa de adecuaci\u00f3n y que te presentamos en la web, para general conocimiento y que se puedan ir visionando de cara a las reuniones a mantener y a las decisiones futuras a tomar.<\/p>\n<p>El trabajo de la Comisi\u00f3n Gestora est\u00e1 llegando a su fin, ha sido un honor para los componentes de la misma sentarse en una mesa a buscar soluciones para la urbanizaci\u00f3n, sin distinci\u00f3n de sectores y menos de personas. Creemos que ese es el camino y es el que vamos a proponer en las Asambleas a realizar, como soluci\u00f3n definitiva si se quiere que la urbanizaci\u00f3n tenga un futuro.<\/p>\n<p>Nos vemos pronto. Saludos cordiales.<\/p>\n<p><strong>LA COMISION GESTORA.<\/strong><\/p>\n","protected":false},"excerpt":{"rendered":"<p>La Comisi\u00f3n Gestora de la Junta de Compensaci\u00f3n de la Urbanizaci\u00f3n Mas Gassons convoca a los propietarios de la Urbanizaci\u00f3n para poder expl\u2026<\/p>\n<p> <a class=\"continue-reading-link\" href=\"https:\/\/masgassons.org\/?p=298\"><span>Leer m\u00e1s<\/span><i class=\"crycon-right-dir\"><\/i><\/a> <\/p>\n","protected":false},"author":1,"featured_media":206,"comment_status":"open","ping_status":"open","sticky":false,"template":"","format":"standard","meta":[],"categories":[4],"tags":[],"_links":{"self":[{"href":"https:\/\/masgassons.org\/index.php?rest_route=\/wp\/v2\/posts\/298"}],"collection":[{"href":"https:\/\/masgassons.org\/index.php?rest_route=\/wp\/v2\/posts"}],"about":[{"href":"https:\/\/masgassons.org\/index.php?rest_route=\/wp\/v2\/types\/post"}],"author":[{"embeddable":true,"href":"https:\/\/masgassons.org\/index.php?rest_route=\/wp\/v2\/users\/1"}],"replies":[{"embeddable":true,"href":"https:\/\/masgassons.org\/index.php?rest_route=%2Fwp%2Fv2%2Fcomments&post=298"}],"version-history":[{"count":10,"href":"https:\/\/masgassons.org\/index.php?rest_route=\/wp\/v2\/posts\/298\/revisions"}],"predecessor-version":[{"id":308,"href":"https:\/\/masgassons.org\/index.php?rest_route=\/wp\/v2\/posts\/298\/revisions\/308"}],"wp:featuredmedia":[{"embeddable":true,"href":"https:\/\/masgassons.org\/index.php?rest_route=\/wp\/v2\/media\/206"}],"wp:attachment":[{"href":"https:\/\/masgassons.org\/index.php?rest_route=%2Fwp%2Fv2%2Fmedia&parent=298"}],"wp:term":[{"taxonomy":"category","embeddable":true,"href":"https:\/\/masgassons.org\/index.php?rest_route=%2Fwp%2Fv2%2Fcategories&post=298"},{"taxonomy":"post_tag","embeddable":true,"href":"https:\/\/masgassons.org\/index.php?rest_route=%2Fwp%2Fv2%2Ftags&post=298"}],"curies":[{"name":"wp","href":"https:\/\/api.w.org\/{rel}","templated":true}]}}