{"id":315,"date":"2018-08-15T13:17:52","date_gmt":"2018-08-15T12:17:52","guid":{"rendered":"http:\/\/masgassons.org\/?p=315"},"modified":"2018-08-15T13:20:13","modified_gmt":"2018-08-15T12:20:13","slug":"convocatoria-elecciones-consejo-rector-de-la-junta-de-compensacion","status":"publish","type":"post","link":"https:\/\/masgassons.org\/?p=315","title":{"rendered":"Convocatoria elecciones consejo rector"},"content":{"rendered":"<h4><strong>Convocatoria elecciones consejo rector de la Junta de Compensaci\u00f3n.<\/strong><\/h4>\n<p>&nbsp;<\/p>\n<p>Han pasado casi trece a\u00f1os desde que en Enero de 2006 se celebraron elecciones al Consejo Rector que fueron anuladas por el Juzgado de lo Contencioso de Tarragona, al igual que las de 2010 y 2012.<\/p>\n<p>El 14 de octubre se van a celebrar de uev Elecciones para elegir el Consejo rector que esperemos lleve a la legalizaci\u00f3n de la urbanizaci\u00f3n despu\u00e9s de tantos a\u00f1os sin soluciones.<!--more--><\/p>\n<p>El Ayuntamiento ha convocado las mismas con las formas y condiciones que te acompa\u00f1amos y que todos los propietarios han debido de recibir en sus casas.<\/p>\n<p>Cualquier duda que tengas puedes aclararla a trav\u00e9s del correo de la Comisi\u00f3n Gestora <a href=\"mailto:info@masgassons.org\">info@masgassons.org<\/a> y estaremos encantados de atenderte.<\/p>\n<p>Con la elecci\u00f3n del Consejo Rector se dar\u00e1 por finalizada la etapa de la Comisi\u00f3n Gestora. Deseamos dejar constancia de que ha sido un honor trabajar estos meses en beneficio de la urbanizaci\u00f3n.<\/p>\n<p><strong>LA COMISION GESTORA<\/strong><\/p>\n<a href=\"https:\/\/masgassons.org\/wp-content\/uploads\/2018\/08\/CONVOCATORIA-ELECCCIONES-2018.pdf\" class=\"pdfemb-viewer\" style=\"\" data-width=\"max\" data-height=\"max\"  data-toolbar=\"both\" data-toolbar-fixed=\"on\">CONVOCATORIA ELECCCIONES 2018<br\/><\/a>\n<p><a href=\"http:\/\/querol.cat\/index.php?option=com_content&amp;view=article&amp;id=693%3Aconvocatoria-per-a-leleccio-de-la-nova-junta-de-la-urbanitzacio-mas-gassons-&amp;catid=3%3Anoticies&amp;Itemid=525&amp;lang=en\">http:\/\/querol.cat\/index.php?option=com_content&amp;view=article&amp;id=693%3Aconvocatoria-per-a-leleccio-de-la-nova-junta-de-la-urbanitzacio-mas-gassons-&amp;catid=3%3Anoticies&amp;Itemid=525&amp;lang=en<\/a><\/p>\n","protected":false},"excerpt":{"rendered":"<p>Convocatoria elecciones consejo rector de la Junta de Compensaci\u00f3n. &nbsp; Han pasado casi trece a\u00f1os desde que en Enero de 2006 se celebrar\u2026<\/p>\n<p> <a class=\"continue-reading-link\" href=\"https:\/\/masgassons.org\/?p=315\"><span>Leer m\u00e1s<\/span><i class=\"crycon-right-dir\"><\/i><\/a> <\/p>\n","protected":false},"author":1,"featured_media":224,"comment_status":"open","ping_status":"open","sticky":false,"template":"","format":"standard","meta":[],"categories":[4],"tags":[],"_links":{"self":[{"href":"https:\/\/masgassons.org\/index.php?rest_route=\/wp\/v2\/posts\/315"}],"collection":[{"href":"https:\/\/masgassons.org\/index.php?rest_route=\/wp\/v2\/posts"}],"about":[{"href":"https:\/\/masgassons.org\/index.php?rest_route=\/wp\/v2\/types\/post"}],"author":[{"embeddable":true,"href":"https:\/\/masgassons.org\/index.php?rest_route=\/wp\/v2\/users\/1"}],"replies":[{"embeddable":true,"href":"https:\/\/masgassons.org\/index.php?rest_route=%2Fwp%2Fv2%2Fcomments&post=315"}],"version-history":[{"count":8,"href":"https:\/\/masgassons.org\/index.php?rest_route=\/wp\/v2\/posts\/315\/revisions"}],"predecessor-version":[{"id":324,"href":"https:\/\/masgassons.org\/index.php?rest_route=\/wp\/v2\/posts\/315\/revisions\/324"}],"wp:featuredmedia":[{"embeddable":true,"href":"https:\/\/masgassons.org\/index.php?rest_route=\/wp\/v2\/media\/224"}],"wp:attachment":[{"href":"https:\/\/masgassons.org\/index.php?rest_route=%2Fwp%2Fv2%2Fmedia&parent=315"}],"wp:term":[{"taxonomy":"category","embeddable":true,"href":"https:\/\/masgassons.org\/index.php?rest_route=%2Fwp%2Fv2%2Fcategories&post=315"},{"taxonomy":"post_tag","embeddable":true,"href":"https:\/\/masgassons.org\/index.php?rest_route=%2Fwp%2Fv2%2Ftags&post=315"}],"curies":[{"name":"wp","href":"https:\/\/api.w.org\/{rel}","templated":true}]}}